{"id":9234,"date":"2026-08-31T09:41:55","date_gmt":"2026-08-31T12:41:55","guid":{"rendered":"https:\/\/www.encontramatogrosso.com.br\/cuiaba\/cuiaba-tem-previsao-de-chuva-apos-registrar-menor-indice-de-umidade-do-ar\/"},"modified":"2026-08-31T09:41:55","modified_gmt":"2026-08-31T12:41:55","slug":"cuiaba-tem-previsao-de-chuva-apos-registrar-menor-indice-de-umidade-do-ar","status":"publish","type":"post","link":"https:\/\/www.encontramatogrosso.com.br\/cuiaba\/cuiaba-tem-previsao-de-chuva-apos-registrar-menor-indice-de-umidade-do-ar\/","title":{"rendered":"Cuiab\u00e1 tem previs\u00e3o de chuva ap\u00f3s registrar menor \u00edndice de umidade do ar"},"content":{"rendered":"<h2>O que Aconteceu com a Umidade do Ar em Cuiab\u00e1<\/h2>\n<p>No \u00faltimo dia 25 de agosto de 2026, Cuiab\u00e1, capital do estado de Mato Grosso, enfrentou um severo \u00edndice de umidade relativa do ar, atingindo apenas 13%. Este n\u00edvel est\u00e1 significativamente abaixo do que \u00e9 considerado saud\u00e1vel para os seres humanos, que deveria variar entre 40% e 70%, segundo recomenda\u00e7\u00f5es da Organiza\u00e7\u00e3o Mundial da Sa\u00fade (OMS). Este fen\u00f4meno resultou em apreens\u00e3o, uma vez que a baixa umidade \u00e9 frequentemente associada a uma s\u00e9rie de complica\u00e7\u00f5es de sa\u00fade.<\/p>\n<h2>Impactos da Baixa Umidade na Sa\u00fade<\/h2>\n<p>A umidade do ar baixa pode ter efeitos adversos no organismo. Entre as consequ\u00eancias mais comuns est\u00e3o:<\/p>\n<ul>\n<li><strong>Irrita\u00e7\u00e3o nas vias respirat\u00f3rias:<\/strong> A baixa umidade pode resultar em secura nasal e garganta, levando a desconforto e irrita\u00e7\u00e3o.<\/li>\n<li><strong>Ressecamento da pele:<\/strong> A pele pode se tornar seca e at\u00e9 descascar.<\/li>\n<li><strong>Complica\u00e7\u00f5es al\u00e9rgicas:<\/strong> O ar seco pode piorar sintomas de alergias e provocar crises de asma.<\/li>\n<li><strong>Infec\u00e7\u00f5es:<\/strong> A baixa umidade compromete as defesas naturais do corpo, tornando-o mais suscet\u00edvel a infec\u00e7\u00f5es virais.<\/li>\n<\/ul>\n<h2>Previs\u00e3o do Tempo e Poss\u00edveis Chuvas<\/h2>\n<p>Ap\u00f3s o registro alarmante de umidade do ar em Cuiab\u00e1, h\u00e1 previs\u00f5es de chuvas para os dias seguintes. O Instituto Nacional de Meteorologia (Inmet) informou que a cidade poder\u00e1 receber entre 6 a 9 mil\u00edmetros de precipita\u00e7\u00e3o, com outros quatro munic\u00edpios vizinhos tamb\u00e9m recebendo chuvas sem volume significativo. Isso acontece devido \u00e0 combina\u00e7\u00e3o do calor intenso e a umidade proveniente do Norte do Brasil.<\/p>\n<p><img decoding=\"async\" src=\"https:\/\/www.encontramatogrosso.com.br\/cuiaba\/wp-content\/uploads\/2026\/08\/cuiaba-tem-previsao-de-chuva-apos-registrar-menor-indice-de-umidade-do-ar.webp\" alt=\"umidade do ar\" loading=\"lazy\" \/><\/p>\n<h2>A Intera\u00e7\u00e3o entre Calor e Umidade<\/h2>\n<p>A intera\u00e7\u00e3o entre o calor e a umidade contribui para o surgimento de pancadas de chuva isoladas. Com o term\u00f4metro marcando 35\u00b0C, a sensa\u00e7\u00e3o de desconforto se intensifica, e a popula\u00e7\u00e3o enfrenta n\u00e3o apenas a seca, mas tamb\u00e9m a sensa\u00e7\u00e3o t\u00e9rmica elevada. A umidade, que \u00e9 escassa, pode causar um efeito estimulante nas chuvas, mas tamb\u00e9m \u00e9 um indicativo da baixa qualidade do ar.<\/p>\n<h2>Mudan\u00e7as Clim\u00e1ticas em Cuiab\u00e1<\/h2>\n<p>As mudan\u00e7as clim\u00e1ticas t\u00eam um papel central em altera\u00e7\u00f5es dos padr\u00f5es de clima locais. As temperaturas extremas e as varia\u00e7\u00f5es na umidade s\u00e3o frequentemente atribu\u00eddas a essas transforma\u00e7\u00f5es. O crescimento urbano e o desmatamento ao redor de Cuiab\u00e1 t\u00eam exacerbado a situa\u00e7\u00e3o, criando uma atmosfera mais seca e quente, que dependendo da \u00e9poca do ano, resulta em inc\u00eandios florestais e na redu\u00e7\u00e3o da qualidade do ar para os habitantes.<\/p>\n<h2>Como Proteger-se do Tempo Seco<\/h2>\n<p>Diante das condi\u00e7\u00f5es clim\u00e1ticas desfavor\u00e1veis, os cidad\u00e3os s\u00e3o aconselhados a adotar algumas pr\u00e1ticas preventivas:<\/p>\n<ul>\n<li><strong>Hidrata\u00e7\u00e3o:<\/strong> A ingest\u00e3o de \u00e1gua deve ser aumentada, mesmo quando n\u00e3o h\u00e1 sede aparente.<\/li>\n<li><strong>Evitar atividades externas:<\/strong> Evitar pr\u00e1ticas f\u00edsicas ao ar livre nos hor\u00e1rios mais quentes do dia.<\/li>\n<li><strong>Uso de hidratantes:<\/strong> Aplicar produtos de hidrata\u00e7\u00e3o na pele para evitar o ressecamento.<\/li>\n<li><strong>Umidifica\u00e7\u00e3o dos ambientes:<\/strong> Utilizar humidificadores ou m\u00e9todos caseiros, como toalhas \u00famidas.<\/li>\n<li><strong>Manter o ambiente limpo:<\/strong> Utilizar panos \u00famidos ao inv\u00e9s de vassouras para evitar o levantamento de poeira.<\/li>\n<li><strong>Consultar um m\u00e9dico:<\/strong> Buscar ajuda profissional se os sintomas respirat\u00f3rios piorarem.<\/li>\n<\/ul>\n<h2>Atua\u00e7\u00f5es da Defesa Civil durante Este Per\u00edodo<\/h2>\n<p>As autoridades locais, especialmente a Defesa Civil, t\u00eam um papel crucial em monitorar e informar a popula\u00e7\u00e3o sobre os riscos do tempo seco e as ocorr\u00eancias de inc\u00eandios. Medidas de preven\u00e7\u00e3o e campanhas educativas s\u00e3o frequentemente promovidas para ensejar uma maior conscientiza\u00e7\u00e3o sobre os cuidados necess\u00e1rios e a import\u00e2ncia de reportar fogueiras e queimadas.<\/p>\n<h2>Recomenda\u00e7\u00f5es de Sa\u00fade em Tempos de Baixa Umidade<\/h2>\n<p>Al\u00e9m das medidas de prote\u00e7\u00e3o j\u00e1 mencionadas, \u00e9 fundamental que os cidad\u00e3os estejam conscientes sobre os sintomas de alerta em rela\u00e7\u00e3o \u00e0 sa\u00fade. Caso a irrita\u00e7\u00e3o ocular, dores de cabe\u00e7a, ou dificuldades respirat\u00f3rias se intensifiquem, a aloca\u00e7\u00e3o de cuidados m\u00e9dicos deve ser imediata. A sensibiliza\u00e7\u00e3o da popula\u00e7\u00e3o acerca dos riscos \u00e0 sa\u00fade \u00e9 um passo importante para reduzir os impactos negativos da baixa umidade no ar.<\/p>\n<h2>Hist\u00f3rico de \u00cdndices Clim\u00e1ticos em Cuiab\u00e1<\/h2>\n<p>Analisando dados hist\u00f3ricos, Cuiab\u00e1 j\u00e1 enfrentou dias de umidade baixa, especialmente entre os meses de secagem extrema, quando os \u00edndices frequentemente ficam cr\u00edticos. Este panorama \u00e9 recorrente e reafirma a necessidade de medidas cont\u00ednuas para mitigar as consequ\u00eancias que afetam a sa\u00fade e o bem-estar da popula\u00e7\u00e3o.<\/p>\n<h2>Expectativas Futuras para o Clima na Regi\u00e3o<\/h2>\n<p>\u00c0 medida que as mudan\u00e7as clim\u00e1ticas avan\u00e7am, prev\u00ea-se que Cuiab\u00e1 enfrente mais per\u00edodos de estresse h\u00eddrico. A promo\u00e7\u00e3o de pol\u00edticas p\u00fablicas voltadas para a preserva\u00e7\u00e3o do meio ambiente e pr\u00e1ticas sustent\u00e1veis ser\u00e1 essencial. A conscientiza\u00e7\u00e3o e o envolvimento da sociedade s\u00e3o imperativos para reverter a degrada\u00e7\u00e3o ambiental e garantir um futuro melhor em termos de qualidade de vida e sa\u00fade para todos.<\/p>\n","protected":false},"excerpt":{"rendered":"<p>Cuiab\u00e1 tem previs\u00e3o de chuva ap\u00f3s menor umidade do ar registrada.<\/p>\n","protected":false},"author":1,"featured_media":9233,"comment_status":"open","ping_status":"open","sticky":false,"template":"","format":"standard","meta":{"footnotes":""},"categories":[5],"tags":[],"class_list":["post-9234","post","type-post","status-publish","format-standard","has-post-thumbnail","hentry","category-noticias","has_thumb"],"yoast_head":"<!-- This site is optimized with the Yoast SEO plugin v27.6 - https:\/\/yoast.com\/product\/yoast-seo-wordpress\/ -->\n<title>Cuiab\u00e1 tem previs\u00e3o de chuva ap\u00f3s registrar menor \u00edndice de umidade do ar | Guia Comercial de Cuiab\u00e1 MT<\/title>\n<meta name=\"robots\" content=\"index, follow, max-snippet:-1, max-image-preview:large, max-video-preview:-1\" \/>\n<link rel=\"canonical\" href=\"https:\/\/www.encontramatogrosso.com.br\/cuiaba\/cuiaba-tem-previsao-de-chuva-apos-registrar-menor-indice-de-umidade-do-ar\/\" \/>\n<meta property=\"og:locale\" content=\"pt_BR\" \/>\n<meta property=\"og:type\" content=\"article\" \/>\n<meta property=\"og:title\" content=\"Cuiab\u00e1 tem previs\u00e3o de chuva ap\u00f3s registrar menor \u00edndice de umidade do ar | Guia Comercial de Cuiab\u00e1 MT\" \/>\n<meta property=\"og:description\" content=\"Cuiab\u00e1 tem previs\u00e3o de chuva ap\u00f3s menor umidade do ar registrada.\" \/>\n<meta property=\"og:url\" content=\"https:\/\/www.encontramatogrosso.com.br\/cuiaba\/cuiaba-tem-previsao-de-chuva-apos-registrar-menor-indice-de-umidade-do-ar\/\" \/>\n<meta property=\"og:site_name\" content=\"Guia Comercial de Cuiab\u00e1 MT\" \/>\n<meta property=\"article:published_time\" content=\"2026-08-31T12:41:55+00:00\" \/>\n<meta property=\"og:image\" content=\"https:\/\/www.encontramatogrosso.com.br\/cuiaba\/wp-content\/uploads\/2026\/08\/cuiaba-tem-previsao-de-chuva-apos-registrar-menor-indice-de-umidade-do-ar.webp\" \/>\n<meta name=\"author\" content=\"Encontra Cuiab\u00e1\" \/>\n<meta name=\"twitter:card\" content=\"summary_large_image\" \/>\n<meta name=\"twitter:label1\" content=\"Escrito por\" \/>\n\t<meta name=\"twitter:data1\" content=\"Encontra Cuiab\u00e1\" \/>\n\t<meta name=\"twitter:label2\" content=\"Est. tempo de leitura\" \/>\n\t<meta name=\"twitter:data2\" content=\"4 minutos\" \/>\n<script type=\"application\/ld+json\" class=\"yoast-schema-graph\">{\"@context\":\"https:\\\/\\\/schema.org\",\"@graph\":[{\"@type\":\"Article\",\"@id\":\"https:\\\/\\\/www.encontramatogrosso.com.br\\\/cuiaba\\\/cuiaba-tem-previsao-de-chuva-apos-registrar-menor-indice-de-umidade-do-ar\\\/#article\",\"isPartOf\":{\"@id\":\"https:\\\/\\\/www.encontramatogrosso.com.br\\\/cuiaba\\\/cuiaba-tem-previsao-de-chuva-apos-registrar-menor-indice-de-umidade-do-ar\\\/\"},\"author\":{\"name\":\"Encontra Cuiab\u00e1\",\"@id\":\"https:\\\/\\\/www.encontramatogrosso.com.br\\\/cuiaba\\\/#\\\/schema\\\/person\\\/531acef3e859d0cba4e5547497fee2f0\"},\"headline\":\"Cuiab\u00e1 tem previs\u00e3o de chuva ap\u00f3s registrar menor \u00edndice de umidade do ar\",\"datePublished\":\"2026-08-31T12:41:55+00:00\",\"mainEntityOfPage\":{\"@id\":\"https:\\\/\\\/www.encontramatogrosso.com.br\\\/cuiaba\\\/cuiaba-tem-previsao-de-chuva-apos-registrar-menor-indice-de-umidade-do-ar\\\/\"},\"wordCount\":863,\"commentCount\":0,\"image\":{\"@id\":\"https:\\\/\\\/www.encontramatogrosso.com.br\\\/cuiaba\\\/cuiaba-tem-previsao-de-chuva-apos-registrar-menor-indice-de-umidade-do-ar\\\/#primaryimage\"},\"thumbnailUrl\":\"https:\\\/\\\/www.encontramatogrosso.com.br\\\/cuiaba\\\/wp-content\\\/uploads\\\/2026\\\/08\\\/cuiaba-tem-previsao-de-chuva-apos-registrar-menor-indice-de-umidade-do-ar.webp\",\"articleSection\":[\"Not\u00edcias Cuiab\u00e1\"],\"inLanguage\":\"pt-BR\",\"potentialAction\":[{\"@type\":\"CommentAction\",\"name\":\"Comment\",\"target\":[\"https:\\\/\\\/www.encontramatogrosso.com.br\\\/cuiaba\\\/cuiaba-tem-previsao-de-chuva-apos-registrar-menor-indice-de-umidade-do-ar\\\/#respond\"]}]},{\"@type\":\"WebPage\",\"@id\":\"https:\\\/\\\/www.encontramatogrosso.com.br\\\/cuiaba\\\/cuiaba-tem-previsao-de-chuva-apos-registrar-menor-indice-de-umidade-do-ar\\\/\",\"url\":\"https:\\\/\\\/www.encontramatogrosso.com.br\\\/cuiaba\\\/cuiaba-tem-previsao-de-chuva-apos-registrar-menor-indice-de-umidade-do-ar\\\/\",\"name\":\"Cuiab\u00e1 tem previs\u00e3o de chuva ap\u00f3s registrar menor \u00edndice de umidade do ar | Guia Comercial de Cuiab\u00e1 MT\",\"isPartOf\":{\"@id\":\"https:\\\/\\\/www.encontramatogrosso.com.br\\\/cuiaba\\\/#website\"},\"primaryImageOfPage\":{\"@id\":\"https:\\\/\\\/www.encontramatogrosso.com.br\\\/cuiaba\\\/cuiaba-tem-previsao-de-chuva-apos-registrar-menor-indice-de-umidade-do-ar\\\/#primaryimage\"},\"image\":{\"@id\":\"https:\\\/\\\/www.encontramatogrosso.com.br\\\/cuiaba\\\/cuiaba-tem-previsao-de-chuva-apos-registrar-menor-indice-de-umidade-do-ar\\\/#primaryimage\"},\"thumbnailUrl\":\"https:\\\/\\\/www.encontramatogrosso.com.br\\\/cuiaba\\\/wp-content\\\/uploads\\\/2026\\\/08\\\/cuiaba-tem-previsao-de-chuva-apos-registrar-menor-indice-de-umidade-do-ar.webp\",\"datePublished\":\"2026-08-31T12:41:55+00:00\",\"author\":{\"@id\":\"https:\\\/\\\/www.encontramatogrosso.com.br\\\/cuiaba\\\/#\\\/schema\\\/person\\\/531acef3e859d0cba4e5547497fee2f0\"},\"inLanguage\":\"pt-BR\",\"potentialAction\":[{\"@type\":\"ReadAction\",\"target\":[\"https:\\\/\\\/www.encontramatogrosso.com.br\\\/cuiaba\\\/cuiaba-tem-previsao-de-chuva-apos-registrar-menor-indice-de-umidade-do-ar\\\/\"]}]},{\"@type\":\"ImageObject\",\"inLanguage\":\"pt-BR\",\"@id\":\"https:\\\/\\\/www.encontramatogrosso.com.br\\\/cuiaba\\\/cuiaba-tem-previsao-de-chuva-apos-registrar-menor-indice-de-umidade-do-ar\\\/#primaryimage\",\"url\":\"https:\\\/\\\/www.encontramatogrosso.com.br\\\/cuiaba\\\/wp-content\\\/uploads\\\/2026\\\/08\\\/cuiaba-tem-previsao-de-chuva-apos-registrar-menor-indice-de-umidade-do-ar.webp\",\"contentUrl\":\"https:\\\/\\\/www.encontramatogrosso.com.br\\\/cuiaba\\\/wp-content\\\/uploads\\\/2026\\\/08\\\/cuiaba-tem-previsao-de-chuva-apos-registrar-menor-indice-de-umidade-do-ar.webp\",\"width\":280,\"height\":280,\"caption\":\"umidade do ar\"},{\"@type\":\"WebSite\",\"@id\":\"https:\\\/\\\/www.encontramatogrosso.com.br\\\/cuiaba\\\/#website\",\"url\":\"https:\\\/\\\/www.encontramatogrosso.com.br\\\/cuiaba\\\/\",\"name\":\"Guia Comercial de Cuiab\u00e1 MT\",\"description\":\"ENCONTRA CUIAB\u00c1 - O guia comercial de neg\u00f3cios e empresas, cultura e divers\u00e3o na cidade de Cuiab\u00e1. Feito 100% para voc\u00ea morador!\",\"potentialAction\":[{\"@type\":\"SearchAction\",\"target\":{\"@type\":\"EntryPoint\",\"urlTemplate\":\"https:\\\/\\\/www.encontramatogrosso.com.br\\\/cuiaba\\\/?s={search_term_string}\"},\"query-input\":{\"@type\":\"PropertyValueSpecification\",\"valueRequired\":true,\"valueName\":\"search_term_string\"}}],\"inLanguage\":\"pt-BR\"},{\"@type\":\"Person\",\"@id\":\"https:\\\/\\\/www.encontramatogrosso.com.br\\\/cuiaba\\\/#\\\/schema\\\/person\\\/531acef3e859d0cba4e5547497fee2f0\",\"name\":\"Encontra Cuiab\u00e1\",\"image\":{\"@type\":\"ImageObject\",\"inLanguage\":\"pt-BR\",\"@id\":\"https:\\\/\\\/secure.gravatar.com\\\/avatar\\\/c50c17820bcf322f0a8fd6b110b8c0918141409dc69076470f6fca5fee70a5d4?s=96&d=mm&r=g\",\"url\":\"https:\\\/\\\/secure.gravatar.com\\\/avatar\\\/c50c17820bcf322f0a8fd6b110b8c0918141409dc69076470f6fca5fee70a5d4?s=96&d=mm&r=g\",\"contentUrl\":\"https:\\\/\\\/secure.gravatar.com\\\/avatar\\\/c50c17820bcf322f0a8fd6b110b8c0918141409dc69076470f6fca5fee70a5d4?s=96&d=mm&r=g\",\"caption\":\"Encontra Cuiab\u00e1\"},\"url\":\"https:\\\/\\\/www.encontramatogrosso.com.br\\\/cuiaba\\\/author\\\/encontracuiaba\\\/\"}]}<\/script>\n<!-- \/ Yoast SEO plugin. -->","yoast_head_json":{"title":"Cuiab\u00e1 tem previs\u00e3o de chuva ap\u00f3s registrar menor \u00edndice de umidade do ar | Guia Comercial de Cuiab\u00e1 MT","robots":{"index":"index","follow":"follow","max-snippet":"max-snippet:-1","max-image-preview":"max-image-preview:large","max-video-preview":"max-video-preview:-1"},"canonical":"https:\/\/www.encontramatogrosso.com.br\/cuiaba\/cuiaba-tem-previsao-de-chuva-apos-registrar-menor-indice-de-umidade-do-ar\/","og_locale":"pt_BR","og_type":"article","og_title":"Cuiab\u00e1 tem previs\u00e3o de chuva ap\u00f3s registrar menor \u00edndice de umidade do ar | Guia Comercial de Cuiab\u00e1 MT","og_description":"Cuiab\u00e1 tem previs\u00e3o de chuva ap\u00f3s menor umidade do ar registrada.","og_url":"https:\/\/www.encontramatogrosso.com.br\/cuiaba\/cuiaba-tem-previsao-de-chuva-apos-registrar-menor-indice-de-umidade-do-ar\/","og_site_name":"Guia Comercial de Cuiab\u00e1 MT","article_published_time":"2026-08-31T12:41:55+00:00","og_image":[{"url":"https:\/\/www.encontramatogrosso.com.br\/cuiaba\/wp-content\/uploads\/2026\/08\/cuiaba-tem-previsao-de-chuva-apos-registrar-menor-indice-de-umidade-do-ar.webp","type":"","width":"","height":""}],"author":"Encontra Cuiab\u00e1","twitter_card":"summary_large_image","twitter_misc":{"Escrito por":"Encontra Cuiab\u00e1","Est. tempo de leitura":"4 minutos"},"schema":{"@context":"https:\/\/schema.org","@graph":[{"@type":"Article","@id":"https:\/\/www.encontramatogrosso.com.br\/cuiaba\/cuiaba-tem-previsao-de-chuva-apos-registrar-menor-indice-de-umidade-do-ar\/#article","isPartOf":{"@id":"https:\/\/www.encontramatogrosso.com.br\/cuiaba\/cuiaba-tem-previsao-de-chuva-apos-registrar-menor-indice-de-umidade-do-ar\/"},"author":{"name":"Encontra Cuiab\u00e1","@id":"https:\/\/www.encontramatogrosso.com.br\/cuiaba\/#\/schema\/person\/531acef3e859d0cba4e5547497fee2f0"},"headline":"Cuiab\u00e1 tem previs\u00e3o de chuva ap\u00f3s registrar menor \u00edndice de umidade do ar","datePublished":"2026-08-31T12:41:55+00:00","mainEntityOfPage":{"@id":"https:\/\/www.encontramatogrosso.com.br\/cuiaba\/cuiaba-tem-previsao-de-chuva-apos-registrar-menor-indice-de-umidade-do-ar\/"},"wordCount":863,"commentCount":0,"image":{"@id":"https:\/\/www.encontramatogrosso.com.br\/cuiaba\/cuiaba-tem-previsao-de-chuva-apos-registrar-menor-indice-de-umidade-do-ar\/#primaryimage"},"thumbnailUrl":"https:\/\/www.encontramatogrosso.com.br\/cuiaba\/wp-content\/uploads\/2026\/08\/cuiaba-tem-previsao-de-chuva-apos-registrar-menor-indice-de-umidade-do-ar.webp","articleSection":["Not\u00edcias Cuiab\u00e1"],"inLanguage":"pt-BR","potentialAction":[{"@type":"CommentAction","name":"Comment","target":["https:\/\/www.encontramatogrosso.com.br\/cuiaba\/cuiaba-tem-previsao-de-chuva-apos-registrar-menor-indice-de-umidade-do-ar\/#respond"]}]},{"@type":"WebPage","@id":"https:\/\/www.encontramatogrosso.com.br\/cuiaba\/cuiaba-tem-previsao-de-chuva-apos-registrar-menor-indice-de-umidade-do-ar\/","url":"https:\/\/www.encontramatogrosso.com.br\/cuiaba\/cuiaba-tem-previsao-de-chuva-apos-registrar-menor-indice-de-umidade-do-ar\/","name":"Cuiab\u00e1 tem previs\u00e3o de chuva ap\u00f3s registrar menor \u00edndice de umidade do ar | Guia Comercial de Cuiab\u00e1 MT","isPartOf":{"@id":"https:\/\/www.encontramatogrosso.com.br\/cuiaba\/#website"},"primaryImageOfPage":{"@id":"https:\/\/www.encontramatogrosso.com.br\/cuiaba\/cuiaba-tem-previsao-de-chuva-apos-registrar-menor-indice-de-umidade-do-ar\/#primaryimage"},"image":{"@id":"https:\/\/www.encontramatogrosso.com.br\/cuiaba\/cuiaba-tem-previsao-de-chuva-apos-registrar-menor-indice-de-umidade-do-ar\/#primaryimage"},"thumbnailUrl":"https:\/\/www.encontramatogrosso.com.br\/cuiaba\/wp-content\/uploads\/2026\/08\/cuiaba-tem-previsao-de-chuva-apos-registrar-menor-indice-de-umidade-do-ar.webp","datePublished":"2026-08-31T12:41:55+00:00","author":{"@id":"https:\/\/www.encontramatogrosso.com.br\/cuiaba\/#\/schema\/person\/531acef3e859d0cba4e5547497fee2f0"},"inLanguage":"pt-BR","potentialAction":[{"@type":"ReadAction","target":["https:\/\/www.encontramatogrosso.com.br\/cuiaba\/cuiaba-tem-previsao-de-chuva-apos-registrar-menor-indice-de-umidade-do-ar\/"]}]},{"@type":"ImageObject","inLanguage":"pt-BR","@id":"https:\/\/www.encontramatogrosso.com.br\/cuiaba\/cuiaba-tem-previsao-de-chuva-apos-registrar-menor-indice-de-umidade-do-ar\/#primaryimage","url":"https:\/\/www.encontramatogrosso.com.br\/cuiaba\/wp-content\/uploads\/2026\/08\/cuiaba-tem-previsao-de-chuva-apos-registrar-menor-indice-de-umidade-do-ar.webp","contentUrl":"https:\/\/www.encontramatogrosso.com.br\/cuiaba\/wp-content\/uploads\/2026\/08\/cuiaba-tem-previsao-de-chuva-apos-registrar-menor-indice-de-umidade-do-ar.webp","width":280,"height":280,"caption":"umidade do ar"},{"@type":"WebSite","@id":"https:\/\/www.encontramatogrosso.com.br\/cuiaba\/#website","url":"https:\/\/www.encontramatogrosso.com.br\/cuiaba\/","name":"Guia Comercial de Cuiab\u00e1 MT","description":"ENCONTRA CUIAB\u00c1 - O guia comercial de neg\u00f3cios e empresas, cultura e divers\u00e3o na cidade de Cuiab\u00e1. Feito 100% para voc\u00ea morador!","potentialAction":[{"@type":"SearchAction","target":{"@type":"EntryPoint","urlTemplate":"https:\/\/www.encontramatogrosso.com.br\/cuiaba\/?s={search_term_string}"},"query-input":{"@type":"PropertyValueSpecification","valueRequired":true,"valueName":"search_term_string"}}],"inLanguage":"pt-BR"},{"@type":"Person","@id":"https:\/\/www.encontramatogrosso.com.br\/cuiaba\/#\/schema\/person\/531acef3e859d0cba4e5547497fee2f0","name":"Encontra Cuiab\u00e1","image":{"@type":"ImageObject","inLanguage":"pt-BR","@id":"https:\/\/secure.gravatar.com\/avatar\/c50c17820bcf322f0a8fd6b110b8c0918141409dc69076470f6fca5fee70a5d4?s=96&d=mm&r=g","url":"https:\/\/secure.gravatar.com\/avatar\/c50c17820bcf322f0a8fd6b110b8c0918141409dc69076470f6fca5fee70a5d4?s=96&d=mm&r=g","contentUrl":"https:\/\/secure.gravatar.com\/avatar\/c50c17820bcf322f0a8fd6b110b8c0918141409dc69076470f6fca5fee70a5d4?s=96&d=mm&r=g","caption":"Encontra Cuiab\u00e1"},"url":"https:\/\/www.encontramatogrosso.com.br\/cuiaba\/author\/encontracuiaba\/"}]}},"_links":{"self":[{"href":"https:\/\/www.encontramatogrosso.com.br\/cuiaba\/wp-json\/wp\/v2\/posts\/9234","targetHints":{"allow":["GET"]}}],"collection":[{"href":"https:\/\/www.encontramatogrosso.com.br\/cuiaba\/wp-json\/wp\/v2\/posts"}],"about":[{"href":"https:\/\/www.encontramatogrosso.com.br\/cuiaba\/wp-json\/wp\/v2\/types\/post"}],"author":[{"embeddable":true,"href":"https:\/\/www.encontramatogrosso.com.br\/cuiaba\/wp-json\/wp\/v2\/users\/1"}],"replies":[{"embeddable":true,"href":"https:\/\/www.encontramatogrosso.com.br\/cuiaba\/wp-json\/wp\/v2\/comments?post=9234"}],"version-history":[{"count":0,"href":"https:\/\/www.encontramatogrosso.com.br\/cuiaba\/wp-json\/wp\/v2\/posts\/9234\/revisions"}],"wp:featuredmedia":[{"embeddable":true,"href":"https:\/\/www.encontramatogrosso.com.br\/cuiaba\/wp-json\/wp\/v2\/media\/9233"}],"wp:attachment":[{"href":"https:\/\/www.encontramatogrosso.com.br\/cuiaba\/wp-json\/wp\/v2\/media?parent=9234"}],"wp:term":[{"taxonomy":"category","embeddable":true,"href":"https:\/\/www.encontramatogrosso.com.br\/cuiaba\/wp-json\/wp\/v2\/categories?post=9234"},{"taxonomy":"post_tag","embeddable":true,"href":"https:\/\/www.encontramatogrosso.com.br\/cuiaba\/wp-json\/wp\/v2\/tags?post=9234"}],"curies":[{"name":"wp","href":"https:\/\/api.w.org\/{rel}","templated":true}]}}